{"id":587,"date":"2023-04-18T00:19:47","date_gmt":"2023-04-18T04:19:47","guid":{"rendered":"https:\/\/rupailaf.cl\/?p=587"},"modified":"2023-04-18T00:19:47","modified_gmt":"2023-04-18T04:19:47","slug":"antologia-rahue-imaginario-sur","status":"publish","type":"post","link":"https:\/\/rupailaf.cl\/index.php\/2023\/04\/18\/antologia-rahue-imaginario-sur\/","title":{"rendered":"Antolog\u00eda: Rahue, Imaginario Sur"},"content":{"rendered":"<p><u>Antolog\u00eda: Rahue, Imaginario Sur de la compiladora Paola Andrade Cantero que reuni\u00f3 a diferentes artistas de Osorno que vivieron o viven en Rahue.<\/u><\/p>\n","protected":false},"excerpt":{"rendered":"<p>Antolog\u00eda: Rahue, Imaginario Sur de la compiladora Paola Andrade Cantero que reuni\u00f3 a diferentes artistas de Osorno que vivieron o viven en Rahue.<\/p>\n","protected":false},"author":1,"featured_media":588,"comment_status":"open","ping_status":"open","sticky":false,"template":"","format":"standard","meta":[],"categories":[9,6],"tags":[],"_links":{"self":[{"href":"https:\/\/rupailaf.cl\/index.php\/wp-json\/wp\/v2\/posts\/587"}],"collection":[{"href":"https:\/\/rupailaf.cl\/index.php\/wp-json\/wp\/v2\/posts"}],"about":[{"href":"https:\/\/rupailaf.cl\/index.php\/wp-json\/wp\/v2\/types\/post"}],"author":[{"embeddable":true,"href":"https:\/\/rupailaf.cl\/index.php\/wp-json\/wp\/v2\/users\/1"}],"replies":[{"embeddable":true,"href":"https:\/\/rupailaf.cl\/index.php\/wp-json\/wp\/v2\/comments?post=587"}],"version-history":[{"count":1,"href":"https:\/\/rupailaf.cl\/index.php\/wp-json\/wp\/v2\/posts\/587\/revisions"}],"predecessor-version":[{"id":589,"href":"https:\/\/rupailaf.cl\/index.php\/wp-json\/wp\/v2\/posts\/587\/revisions\/589"}],"wp:featuredmedia":[{"embeddable":true,"href":"https:\/\/rupailaf.cl\/index.php\/wp-json\/wp\/v2\/media\/588"}],"wp:attachment":[{"href":"https:\/\/rupailaf.cl\/index.php\/wp-json\/wp\/v2\/media?parent=587"}],"wp:term":[{"taxonomy":"category","embeddable":true,"href":"https:\/\/rupailaf.cl\/index.php\/wp-json\/wp\/v2\/categories?post=587"},{"taxonomy":"post_tag","embeddable":true,"href":"https:\/\/rupailaf.cl\/index.php\/wp-json\/wp\/v2\/tags?post=587"}],"curies":[{"name":"wp","href":"https:\/\/api.w.org\/{rel}","templated":true}]}}