{"id":528,"date":"2023-04-16T21:30:57","date_gmt":"2023-04-17T01:30:57","guid":{"rendered":"https:\/\/rupailaf.cl\/?p=528"},"modified":"2023-04-16T23:08:52","modified_gmt":"2023-04-17T03:08:52","slug":"antologia-de-poesia-indigena-latinoamericana-2008","status":"publish","type":"post","link":"https:\/\/rupailaf.cl\/index.php\/2023\/04\/16\/antologia-de-poesia-indigena-latinoamericana-2008\/","title":{"rendered":"Antolog\u00eda de Poes\u00eda ind\u00edgena latinoamericana 2008"},"content":{"rendered":"<p><u>Antolog\u00eda de Poes\u00eda ind\u00edgena latinoamericana 2008 (Compilaci\u00f3n de Jaime Huen\u00fan Villa) <\/u><\/p>\n","protected":false},"excerpt":{"rendered":"<p>Antolog\u00eda de Poes\u00eda ind\u00edgena latinoamericana 2008 (Compilaci\u00f3n de Jaime Huen\u00fan Villa)<\/p>\n","protected":false},"author":1,"featured_media":529,"comment_status":"open","ping_status":"open","sticky":false,"template":"","format":"standard","meta":[],"categories":[9],"tags":[],"_links":{"self":[{"href":"https:\/\/rupailaf.cl\/index.php\/wp-json\/wp\/v2\/posts\/528"}],"collection":[{"href":"https:\/\/rupailaf.cl\/index.php\/wp-json\/wp\/v2\/posts"}],"about":[{"href":"https:\/\/rupailaf.cl\/index.php\/wp-json\/wp\/v2\/types\/post"}],"author":[{"embeddable":true,"href":"https:\/\/rupailaf.cl\/index.php\/wp-json\/wp\/v2\/users\/1"}],"replies":[{"embeddable":true,"href":"https:\/\/rupailaf.cl\/index.php\/wp-json\/wp\/v2\/comments?post=528"}],"version-history":[{"count":1,"href":"https:\/\/rupailaf.cl\/index.php\/wp-json\/wp\/v2\/posts\/528\/revisions"}],"predecessor-version":[{"id":530,"href":"https:\/\/rupailaf.cl\/index.php\/wp-json\/wp\/v2\/posts\/528\/revisions\/530"}],"wp:featuredmedia":[{"embeddable":true,"href":"https:\/\/rupailaf.cl\/index.php\/wp-json\/wp\/v2\/media\/529"}],"wp:attachment":[{"href":"https:\/\/rupailaf.cl\/index.php\/wp-json\/wp\/v2\/media?parent=528"}],"wp:term":[{"taxonomy":"category","embeddable":true,"href":"https:\/\/rupailaf.cl\/index.php\/wp-json\/wp\/v2\/categories?post=528"},{"taxonomy":"post_tag","embeddable":true,"href":"https:\/\/rupailaf.cl\/index.php\/wp-json\/wp\/v2\/tags?post=528"}],"curies":[{"name":"wp","href":"https:\/\/api.w.org\/{rel}","templated":true}]}}