{"id":516,"date":"2023-04-16T17:44:37","date_gmt":"2023-04-16T21:44:37","guid":{"rendered":"https:\/\/rupailaf.cl\/?p=516"},"modified":"2023-04-16T23:09:35","modified_gmt":"2023-04-17T03:09:35","slug":"antologia-bilingue-la-memoria-iluminada","status":"publish","type":"post","link":"https:\/\/rupailaf.cl\/index.php\/2023\/04\/16\/antologia-bilingue-la-memoria-iluminada\/","title":{"rendered":"Antolog\u00eda biling\u00fce La memoria Iluminada"},"content":{"rendered":"<p><strong><u>Antolog\u00eda biling\u00fce &#8220;La memoria Iluminada: Poes\u00eda mapuche contempor\u00e1nea\u201d de edici\u00f3n de Jaime Huen\u00fan y con versi\u00f3n mapuz\u00fcngun de V\u00edctpr Cifuentes (2007)<\/u><\/strong><\/p>\n","protected":false},"excerpt":{"rendered":"<p>Antolog\u00eda biling\u00fce &#8220;La memoria Iluminada: Poes\u00eda mapuche contempor\u00e1nea\u201d de edici\u00f3n de Jaime Huen\u00fan y con versi\u00f3n mapuz\u00fcngun de V\u00edctpr Cifuentes (2007)<\/p>\n","protected":false},"author":1,"featured_media":517,"comment_status":"open","ping_status":"open","sticky":false,"template":"","format":"standard","meta":[],"categories":[9,6],"tags":[],"_links":{"self":[{"href":"https:\/\/rupailaf.cl\/index.php\/wp-json\/wp\/v2\/posts\/516"}],"collection":[{"href":"https:\/\/rupailaf.cl\/index.php\/wp-json\/wp\/v2\/posts"}],"about":[{"href":"https:\/\/rupailaf.cl\/index.php\/wp-json\/wp\/v2\/types\/post"}],"author":[{"embeddable":true,"href":"https:\/\/rupailaf.cl\/index.php\/wp-json\/wp\/v2\/users\/1"}],"replies":[{"embeddable":true,"href":"https:\/\/rupailaf.cl\/index.php\/wp-json\/wp\/v2\/comments?post=516"}],"version-history":[{"count":3,"href":"https:\/\/rupailaf.cl\/index.php\/wp-json\/wp\/v2\/posts\/516\/revisions"}],"predecessor-version":[{"id":520,"href":"https:\/\/rupailaf.cl\/index.php\/wp-json\/wp\/v2\/posts\/516\/revisions\/520"}],"wp:featuredmedia":[{"embeddable":true,"href":"https:\/\/rupailaf.cl\/index.php\/wp-json\/wp\/v2\/media\/517"}],"wp:attachment":[{"href":"https:\/\/rupailaf.cl\/index.php\/wp-json\/wp\/v2\/media?parent=516"}],"wp:term":[{"taxonomy":"category","embeddable":true,"href":"https:\/\/rupailaf.cl\/index.php\/wp-json\/wp\/v2\/categories?post=516"},{"taxonomy":"post_tag","embeddable":true,"href":"https:\/\/rupailaf.cl\/index.php\/wp-json\/wp\/v2\/tags?post=516"}],"curies":[{"name":"wp","href":"https:\/\/api.w.org\/{rel}","templated":true}]}}